{"id":4266,"date":"2022-03-29T09:35:13","date_gmt":"2022-03-29T09:35:13","guid":{"rendered":"https:\/\/www.teatroprincipaldealicante.com\/hola-mundo\/"},"modified":"2022-09-16T08:37:40","modified_gmt":"2022-09-16T08:37:40","slug":"hola-mundo","status":"publish","type":"post","link":"https:\/\/www.teatroprincipaldealicante.com\/en\/hola-mundo\/","title":{"rendered":"El Principal announces the winning project of the 3rd Jos\u00e9 Estruch Theatre Production Residency"},"content":{"rendered":"\n<p><strong>During the press conference that took place this afternoon in the hall of the Principal Theatre, the winning project of the III Jos\u00e9 Estruch Theatre Production Residency at the Teatro Principal of Alicante was announced.<\/strong><\/p>\n\n\n\n<p>The deadline for the presentation of projects by companies from the province of Alicante for the III Residencia de Producci\u00f3n Teatral Jos\u00e9 Estruch of the Teatro Principal de Alicante, which aims to promote professional theatre production in Alicante, ended on 17 February. The winning and finalist projects were presented this afternoon at a press conference held in the hall of Alicante&#8217;s Teatro Principal.<\/p>\n\n\n\n<p><strong>The press conference was attended by:<\/strong><\/p>\n\n\n\n<ul class=\"wp-block-list\"><li>Mar\u00eda Dolores Padilla, deputy director of the Teatro Principal de Alicante.<\/li><li>Iv\u00e1n Jim\u00e9nez Lorenzo, director<\/li><li>Elena Candela Alem\u00e1n, actress.<\/li><li>Mila Garc\u00eda, actress.<\/li><li>Diego L. Juan Garc\u00eda, actor<\/li><li>Tom\u00e0s Mestre, actor.<\/li><\/ul>\n\n\n\n<p>We are very satisfied and consider the call to have been a success, as six projects have been submitted. The selection was made a week after the deadline for the submission of theatre projects from professional companies based in Alicante and which had not been premiered.<\/p>\n\n\n\n<p>The winning and runner-up projects were unanimously selected on Monday 24 February at 11am.<\/p>\n\n\n\n<p><strong>They were part of the selection committee:<\/strong><\/p>\n\n\n\n<p>Juan Luis Mira Candel, playwright, writer, teacher and theatre director.<br>Bego\u00f1a Echevarr\u00eda, official of the Department of Culture.<br>M\u00aa Dolores Padilla Olba, deputy director of the Teatro Principal de Alicante.<\/p>\n\n\n\n<p><strong>WINNING PROJECT <\/strong>that went to the proposal presented by <strong>MAROR Produccions &#8220;LA LANGOSTA NO SE HA HA POSADO&#8221;<\/strong> by Francisco Su\u00e1rez Lema, a leading writer of contemporary theatre in Spain, winner in 2017 of the prestigious Born Theatre Award.<\/p>\n\n\n\n<p>Director: Iv\u00e1n Jim\u00e9nez Lorenzo<br>Cast: Mila Garc\u00eda, Elena Candela Alem\u00e1n, Tom\u00e0s Mestre and Diego L. Juan Garc\u00eda.<br>Production team: Xavier Monz\u00f3<br>Lighting design: Alberto Ferm\u00edn<br>Set design: Aitana Mestre<\/p>\n\n\n\n<p>MAROR produccions is a theatre production company from Alicante created in 2015. Now they present their project &#8220;LA LANGOSTA NO SE HA HA POSADO&#8221;, a delirious and somewhat absurd comic thriller with a brutal existentialist background by Francisco Javier Su\u00e1rez Lema. The text is disconcerting and at the same time almost magnetic, of a more than remarkable literary quality and with a philosophical basis that delves into the root of the human soul.<\/p>\n\n\n\n<p><strong>FINALIST PROJECT, &#8220;VIVAN LAS TR\u00c1GICAS&#8221;<\/strong>, a production of <strong>LA SOGORB artes esc\u00e9nicas<\/strong>, a collective creation with dramaturgy by Josi Alvarado.<\/p>\n\n\n\n<p>Directed by: David Garc\u00eda Coll.<br>Cast: Xiomara Wanden and Elisabeth Sogorb.<br>Lighting and sound space: Pedro Vera.<br>Set and costume design: Joanmi Reig.<\/p>\n\n\n\n<p>The company LA SOGORB artes esc\u00e9nicas divides its work between theatre pedagogy, stage direction and performance, artistic creation of events and consultancy work with actors.<\/p>\n\n\n\n<p><br>The theatrical production company MAROR producciones will be able to rehearse in the <strong>Sala Nuria Espert <\/strong>of the Teatro Principal of Alicante <strong>during 8 weeks between the months of July, August and September<\/strong>, at times to be agreed between the theatre and the company. The <strong>premiere will be on<\/strong> <strong>Friday 25th September<\/strong> as part of our autumn-winter 2020-2021 season programme.<\/p>\n\n\n\n<p><br>The deputy director Mar\u00eda Dolores Padilla has expressed her satisfaction with the result of the call, highlighting the value of the III Estruch Residence as a firm commitment to the professionalization of the artistic fabric of Alicante. The winning project <strong>&#8220;LA LANGOSTA NO SE HA HA POSADO&#8221; <\/strong>has members from Alicante of recognised prestige, with solid careers in theatrical direction and performance and an impeccable production design.<\/p>\n\n\n\n<p><br>The two finalist proposals meet all the selection criteria included in the rules and have a high level of quality, they are projects with economic viability and with a potential route beyond our Residence.<br>The Teatro Principal will pay the fee for the programmed performance, which is 4,200 euros, and will also grant an incentive for the production of this show for an amount of 4,500 euros.<\/p>\n","protected":false},"excerpt":{"rendered":"<p>During the press conference that took place this afternoon in the hall of the Principal Theatre, the winning project of the III Jos\u00e9 Estruch Theatre Production Residency at the Teatro Principal of Alicante was announced. The deadline for the presentation of projects by companies from the province of Alicante for the III Residencia de Producci\u00f3n [&hellip;]<\/p>\n","protected":false},"author":1,"featured_media":2769,"comment_status":"open","ping_status":"open","sticky":false,"template":"","format":"standard","meta":{"footnotes":""},"categories":[101],"tags":[],"class_list":["post-4266","post","type-post","status-publish","format-standard","has-post-thumbnail","hentry","category-jose-estruch-residence-en"],"_links":{"self":[{"href":"https:\/\/www.teatroprincipaldealicante.com\/en\/wp-json\/wp\/v2\/posts\/4266","targetHints":{"allow":["GET"]}}],"collection":[{"href":"https:\/\/www.teatroprincipaldealicante.com\/en\/wp-json\/wp\/v2\/posts"}],"about":[{"href":"https:\/\/www.teatroprincipaldealicante.com\/en\/wp-json\/wp\/v2\/types\/post"}],"author":[{"embeddable":true,"href":"https:\/\/www.teatroprincipaldealicante.com\/en\/wp-json\/wp\/v2\/users\/1"}],"replies":[{"embeddable":true,"href":"https:\/\/www.teatroprincipaldealicante.com\/en\/wp-json\/wp\/v2\/comments?post=4266"}],"version-history":[{"count":1,"href":"https:\/\/www.teatroprincipaldealicante.com\/en\/wp-json\/wp\/v2\/posts\/4266\/revisions"}],"predecessor-version":[{"id":4271,"href":"https:\/\/www.teatroprincipaldealicante.com\/en\/wp-json\/wp\/v2\/posts\/4266\/revisions\/4271"}],"wp:featuredmedia":[{"embeddable":true,"href":"https:\/\/www.teatroprincipaldealicante.com\/en\/wp-json\/wp\/v2\/media\/2769"}],"wp:attachment":[{"href":"https:\/\/www.teatroprincipaldealicante.com\/en\/wp-json\/wp\/v2\/media?parent=4266"}],"wp:term":[{"taxonomy":"category","embeddable":true,"href":"https:\/\/www.teatroprincipaldealicante.com\/en\/wp-json\/wp\/v2\/categories?post=4266"},{"taxonomy":"post_tag","embeddable":true,"href":"https:\/\/www.teatroprincipaldealicante.com\/en\/wp-json\/wp\/v2\/tags?post=4266"}],"curies":[{"name":"wp","href":"https:\/\/api.w.org\/{rel}","templated":true}]}}