{"id":4267,"date":"2022-03-29T09:35:13","date_gmt":"2022-03-29T09:35:13","guid":{"rendered":"https:\/\/www.teatroprincipaldealicante.com\/hola-mundo\/"},"modified":"2022-09-16T08:30:04","modified_gmt":"2022-09-16T08:30:04","slug":"hola-mundo","status":"publish","type":"post","link":"https:\/\/www.teatroprincipaldealicante.com\/val\/hola-mundo\/","title":{"rendered":"El Principal anuncia el projecte guanyador de la III Resid\u00e8ncia de Producci\u00f3 Teatral Jos\u00e9 Estruch"},"content":{"rendered":"\n<p><strong>Durant la roda de premsa que ha tingut lloc aquest migdia en l&#8217;hall del Principal s&#8217;ha anunciat el projecte guanyador de la III Resid\u00e8ncia de Producci\u00f3 Teatral Jos\u00e9 Estruch del Teatre Principal d&#8217;Alacant.<\/strong><\/p>\n\n\n\n<p>El passat 17 de febrer va acabar el termini per a la presentaci\u00f3 de projectes de companyies de la prov\u00edncia d&#8217;Alacant a la III Resid\u00e8ncia de Producci\u00f3 Teatral Jos\u00e9 Estruch del Teatre Principal d&#8217;Alacant que pret\u00e9n fomentar la producci\u00f3 teatral alacantina professional. Aquest migdia s&#8217;ha presentat el projecte guanyador i finalista en una roda de premsa que ha tingut lloc en l&#8217;hall del Teatre Principal d&#8217;Alacant.<\/p>\n\n\n\n<p><strong>Han assistit a la roda de premsa:<\/strong><\/p>\n\n\n\n<p>Mar\u00eda Dolores Padilla, subdirectora del Teatre Principal d&#8217;Alacant<\/p>\n\n\n\n<p>Iv\u00e1n Jim\u00e9nez Lorenzo, director&nbsp;<\/p>\n\n\n\n<p>Elena Candela Alem\u00e1n, actriu.<\/p>\n\n\n\n<p>Mila Garc\u00eda, actriu.<\/p>\n\n\n\n<p>Diego L. Juan Garc\u00eda, actor.<\/p>\n\n\n\n<p>Tom\u00e0s Mestre, actor.<\/p>\n\n\n\n<p>Estem molt satisfets i considerem que la convocat\u00f2ria ha sigut un \u00e8xit, ja que s&#8217;han presentat sis projectes. La selecci\u00f3 es va realitzar una setmana despr\u00e9s d&#8217;acabar el termini per al lliurament dels projectes teatrals de companyies professionals domiciliades a Alacant i que no s&#8217;hagueren estrenat.<\/p>\n\n\n\n<p>Dilluns passat 24 de febrer a les 11h es van seleccionar per unanimitat el projecte guanyador i el finalista.<\/p>\n\n\n\n<p><strong>Van formar part del comit\u00e9 seleccionador:<\/strong><\/p>\n\n\n\n<p>Juan Luis Mira Candel, dramaturg, escriptor, docent i director de teatre.<\/p>\n\n\n\n<p>Bego\u00f1a Echevarr\u00eda, funcion\u00e0ria de la Regidoria de Cultura.<\/p>\n\n\n\n<p>M\u00aa Dolores Padilla Olba, subdirectora del Teatre Principal d&#8217;Alacant.<\/p>\n\n\n\n<p><strong>PROJECTE GUANYADOR<\/strong>&nbsp;que va recaure en la proposta presentada per&nbsp;<strong>MAROR Produccions<\/strong>&nbsp;<strong>\u201cLA LLAGOSTA NO S&#8217;HA POSAT\u201d<\/strong>&nbsp;de Francisco Su\u00e1rez Lema, un escriptor referent del teatre contemporani a Espanya, guanyador en 2017 del prestigi\u00f3s premi Born de teatre.<\/p>\n\n\n\n<p>Adre\u00e7a: Iv\u00e1n Jim\u00e9nez Lorenzo<\/p>\n\n\n\n<p>Elenc: Mila Garc\u00eda, Elena Candela Alem\u00e1n, Tom\u00e0s Mestre i Diego L. Juan Garc\u00eda.<\/p>\n\n\n\n<p>Equip de producci\u00f3: Xavier Monz\u00f3<\/p>\n\n\n\n<p>Disseny d&#8217;il\u00b7luminaci\u00f3: Alberto Ferm\u00edn<\/p>\n\n\n\n<p>Disseny d&#8217;escenografia: Aitana Mestre&nbsp;<\/p>\n\n\n\n<p>MAROR produccions \u00e9s una productora teatral alicanti.<\/p>\n\n\n\n<p><strong>PROJECTE FINALISTA<\/strong>,&nbsp;<strong>\u201cVISQUEN LES TR\u00c0GIQUES<\/strong>\u201d, una producci\u00f3 de&nbsp;<strong>LA SOGORB<\/strong>&nbsp;<strong>arts esc\u00e8niques<\/strong>, una creaci\u00f3 col\u00b7lectiva amb dramat\u00fargia de Josi Alvarado.<\/p>\n\n\n\n<p>Adre\u00e7a: David Garc\u00eda Coll.<\/p>\n\n\n\n<p>Elenc: Xiomara Wanden i Elisabeth Sogorb.<\/p>\n\n\n\n<p>Il\u00b7luminaci\u00f3 i espai sonor: Pedro Vera.<\/p>\n\n\n\n<p>Escenografia i vestuari: Joanmi Reig.<\/p>\n\n\n\n<p>La companyia LA SOGORB arts esc\u00e8niques divideix la seua labor entre la pedagogia teatral, la direcci\u00f3 esc\u00e8nica i la interpretaci\u00f3, la creaci\u00f3 art\u00edstica d&#8217;esdeveniments i el treball d&#8217;assessorament a actors.<\/p>\n\n\n\n<p>La productora teatral MAROR produccions podr\u00e0 realitzar els&nbsp;<strong>assajos a la Sala Nuria Espert&nbsp;<\/strong>del Teatre Principal d&#8217;Alacant en horari a pactar entre el teatre i la companyia,&nbsp;<strong>durant 8 setmanes entre els mesos de juliol, agost i setembre<\/strong>. L&#8217;estrena&nbsp;<strong>absoluta ser\u00e0 el divendres 25 de setembre<\/strong>&nbsp;dins de la nostra programaci\u00f3 de temporada tardor-hivern 2020-2021.<\/p>\n\n\n\n<p>La subdirectora Mar\u00eda Dolores Padilla ha manifestat la seua satisfacci\u00f3 amb el resultat de la convocat\u00f2ria, posant en valor la III Resid\u00e8ncia Estruch com a aposta decidida per la professionalitzaci\u00f3 del teixit art\u00edstic alacant\u00ed. El projecte guanyador&nbsp;<strong>\u201cLA LLAGOSTA NO S&#8217;HA POSAT\u201d<\/strong>&nbsp;compta amb integrants alacantins de reconegut prestigi, amb s\u00f2lides traject\u00f2ries en la direcci\u00f3 i la interpretaci\u00f3 teatral i un disseny de producci\u00f3 impecable.<\/p>\n\n\n\n<p>Les dues propostes finalistes atenen a tots els criteris de selecci\u00f3 que incloem en les bases i tenen un alt nivell de qualitat, s\u00f3n projectes amb viabilitat econ\u00f2mica i amb un potencial recorregut m\u00e9s enll\u00e0 de la nostra Resid\u00e8ncia.<\/p>\n\n\n\n<p>El Teatre Principal abonar\u00e0 el pagament del caixet de la funci\u00f3 programada que \u00e9s de 4.200 euros i a m\u00e9s atorgar\u00e0 un incentiu a la producci\u00f3 d&#8217;aquest espectacle per un import de 4.500\u20ac.<\/p>\n","protected":false},"excerpt":{"rendered":"<p>Durant la roda de premsa que ha tingut lloc aquest migdia en l&#8217;hall del Principal s&#8217;ha anunciat el projecte guanyador de la III Resid\u00e8ncia de Producci\u00f3 Teatral Jos\u00e9 Estruch del Teatre Principal d&#8217;Alacant. El passat 17 de febrer va acabar el termini per a la presentaci\u00f3 de projectes de companyies de la prov\u00edncia d&#8217;Alacant a [&hellip;]<\/p>\n","protected":false},"author":1,"featured_media":2770,"comment_status":"open","ping_status":"open","sticky":false,"template":"","format":"standard","meta":{"footnotes":""},"categories":[83],"tags":[],"class_list":["post-4267","post","type-post","status-publish","format-standard","has-post-thumbnail","hentry","category-residencia-jose-estruch-val"],"_links":{"self":[{"href":"https:\/\/www.teatroprincipaldealicante.com\/val\/wp-json\/wp\/v2\/posts\/4267","targetHints":{"allow":["GET"]}}],"collection":[{"href":"https:\/\/www.teatroprincipaldealicante.com\/val\/wp-json\/wp\/v2\/posts"}],"about":[{"href":"https:\/\/www.teatroprincipaldealicante.com\/val\/wp-json\/wp\/v2\/types\/post"}],"author":[{"embeddable":true,"href":"https:\/\/www.teatroprincipaldealicante.com\/val\/wp-json\/wp\/v2\/users\/1"}],"replies":[{"embeddable":true,"href":"https:\/\/www.teatroprincipaldealicante.com\/val\/wp-json\/wp\/v2\/comments?post=4267"}],"version-history":[{"count":1,"href":"https:\/\/www.teatroprincipaldealicante.com\/val\/wp-json\/wp\/v2\/posts\/4267\/revisions"}],"predecessor-version":[{"id":4269,"href":"https:\/\/www.teatroprincipaldealicante.com\/val\/wp-json\/wp\/v2\/posts\/4267\/revisions\/4269"}],"wp:featuredmedia":[{"embeddable":true,"href":"https:\/\/www.teatroprincipaldealicante.com\/val\/wp-json\/wp\/v2\/media\/2770"}],"wp:attachment":[{"href":"https:\/\/www.teatroprincipaldealicante.com\/val\/wp-json\/wp\/v2\/media?parent=4267"}],"wp:term":[{"taxonomy":"category","embeddable":true,"href":"https:\/\/www.teatroprincipaldealicante.com\/val\/wp-json\/wp\/v2\/categories?post=4267"},{"taxonomy":"post_tag","embeddable":true,"href":"https:\/\/www.teatroprincipaldealicante.com\/val\/wp-json\/wp\/v2\/tags?post=4267"}],"curies":[{"name":"wp","href":"https:\/\/api.w.org\/{rel}","templated":true}]}}