{"id":4709,"date":"2022-09-30T09:57:51","date_gmt":"2022-09-30T07:57:51","guid":{"rendered":"https:\/\/www.teatroprincipaldealicante.com\/5-000-personas-pasaron-por-el-vi-festival-de-teatro-clasico-de-alicante\/"},"modified":"2022-09-30T10:02:03","modified_gmt":"2022-09-30T08:02:03","slug":"5-000-personas-pasaron-por-el-vi-festival-de-teatro-clasico-de-alicante","status":"publish","type":"post","link":"https:\/\/www.teatroprincipaldealicante.com\/val\/5-000-personas-pasaron-por-el-vi-festival-de-teatro-clasico-de-alicante\/","title":{"rendered":"5.000 persones van passar pel VI Festival de Teatre Cl\u00e0ssic d&#8217;Alacant"},"content":{"rendered":"\n<p><strong>&#8220;Safo&#8221; i El Brujo van triomfar en aquesta edici\u00f3 i l&#8217;Ajuntament ja treballa per a la de l&#8217;any que ve<\/strong><\/p>\n\n\n\n<p>El<a rel=\"noreferrer noopener\" href=\"https:\/\/www.teatroprincipaldealicante.com\/en\/programacion\/6o-festival-internacional-de-teatro-clasico-de-alicante\/\" target=\"_blank\">&nbsp;Festival Internacional de Teatre Cl\u00e0ssic d&#8217;Alacant<\/a>&nbsp;(FITCA), celebrat&nbsp;<strong>del 13 al 25 de setembre<\/strong>, ha tancat la seua sisena edici\u00f3 amb&nbsp;<strong>prop de&nbsp;5.000 assistents<\/strong>&nbsp;a les sis propostes esc\u00e8niques que s&#8217;han desenvolupat en el&nbsp;<strong>Teatre Principal<\/strong>.&nbsp;Des de la Regidoria de Cultura de l&#8217;Ajuntament d&#8217;Alacant i la direcci\u00f3 del Festival destaquen que&nbsp;aquest cicle es va posicionant any rere any com un festival de teatre cl\u00e0ssic referent a nivell nacional.<\/p>\n\n\n\n<figure class=\"wp-block-image size-large\"><img fetchpriority=\"high\" decoding=\"async\" width=\"1024\" height=\"576\" src=\"https:\/\/www.teatroprincipaldealicante.com\/wp-content\/uploads\/2022\/09\/06482938-c918-4b3e-8bf9-4c32dbf30bca_16-9-discover-aspect-ratio_default_0-1024x576.jpeg\" alt=\"\" class=\"wp-image-4704\" srcset=\"https:\/\/www.teatroprincipaldealicante.com\/wp-content\/uploads\/2022\/09\/06482938-c918-4b3e-8bf9-4c32dbf30bca_16-9-discover-aspect-ratio_default_0-1024x576.jpeg 1024w, https:\/\/www.teatroprincipaldealicante.com\/wp-content\/uploads\/2022\/09\/06482938-c918-4b3e-8bf9-4c32dbf30bca_16-9-discover-aspect-ratio_default_0-300x169.jpeg 300w, https:\/\/www.teatroprincipaldealicante.com\/wp-content\/uploads\/2022\/09\/06482938-c918-4b3e-8bf9-4c32dbf30bca_16-9-discover-aspect-ratio_default_0-768x432.jpeg 768w, https:\/\/www.teatroprincipaldealicante.com\/wp-content\/uploads\/2022\/09\/06482938-c918-4b3e-8bf9-4c32dbf30bca_16-9-discover-aspect-ratio_default_0.jpeg 1200w\" sizes=\"(max-width: 1024px) 100vw, 1024px\" \/><\/figure>\n\n\n\n<p>El Teatre Principal ha acollit sis muntatges teatrals amb quatre coproduccions del <a href=\"https:\/\/www.informacion.es\/cultura\/2021\/06\/11\/merida-vuelve-festival-teatro-clasico-52903134.html\">Festival\u00a0 de M\u00e8rida<\/a>, dels quals ha sobreeixit\u00a0<strong><em>Safo\u00a0<\/em><\/strong>i<strong>\u00a0El Bru<\/strong>jo, que van finalitzar les funcions entre aplaudiments i amb el p\u00fablic en peus.\u00a0<strong><em>Miles Gloriosus,<\/em><\/strong>\u00a0amb un repartiment encap\u00e7alat per Carlos Sobera, va divertir al nombr\u00f3s p\u00fablic que va omplir el Principal i que va acabar en peus cantant amb els artistes.<\/p>\n\n\n\n<p>A m\u00e9s de les representacions que s&#8217;han desenvolupat en el coliseu alacant\u00ed, han tingut un paper important entre el p\u00fablic familiar<strong>&nbsp;les&nbsp;activitats complement\u00e0ries<\/strong>&nbsp;desenvolupades&nbsp;en els<a href=\"https:\/\/www.informacion.es\/alicante\/2019\/03\/14\/esculturas-pozos-garrigos-fragilidad-naturaleza-5462244.html\">&nbsp;Pous de&nbsp;Garrig\u00f3s<\/a>&nbsp;del Museu&nbsp;<strong>&nbsp;d&#8217;Aig\u00fces,<\/strong>&nbsp;i les&nbsp;dues representacions de&nbsp;titelles del&nbsp;<strong><em>viatge de Isabela,<\/em><\/strong>&nbsp;en l&#8217;Espai&nbsp;<a href=\"https:\/\/www.informacion.es\/cultura\/2022\/09\/20\/alicante-inaugura-festival-negro-75680038.html\">&nbsp;S\u00e8neca,<\/a>&nbsp;que han completat&nbsp;en tots els casos&nbsp;l&#8217;aforament.<\/p>\n\n\n\n<p>L&#8217;edil de Cultura,&nbsp;<strong>Antonio Manresa,<\/strong>&nbsp;ha&nbsp;assegurat que &#8220;aquest gran esdeveniment cultural es va superant any rere any i ja s&#8217;ha instaurat a la ciutat d&#8217;Alacant com a focus del teatre cl\u00e0ssic, amb obres teatrals de primer nivell, que es desenvolupen tant en el Principal com en altres espais municipals\u201d. Aix\u00ed mateix, ha anunciat que&nbsp;\u201cja estem<strong>&nbsp;treballant en&nbsp;la confecci\u00f3 del FITCA&nbsp;&nbsp;de l&#8217;any que ve<\/strong>,&nbsp;que mantindr\u00e0&nbsp;les mateixes dates, per a&nbsp;superar&nbsp;o&nbsp;igualar&nbsp;el bon acolliment&nbsp;aconseguit enguany\u201d<\/p>\n\n\n\n<p>La directora art\u00edstica del festival,&nbsp;<strong>M\u00aa Dolores Padilla,<\/strong>&nbsp;ha valorat molt positivament aquesta sisena edici\u00f3 i ha manifestat que \u201cestem molt satisfets de la qualitat art\u00edstica i de l&#8217;\u00e8xit de p\u00fablic d&#8217;aquesta edici\u00f3\u201d. Tamb\u00e9 ha anunciat que \u201cja estem treballant en la setena edici\u00f3 amb m\u00e9s novetats, amb grans produccions i treballant perqu\u00e8 el FITCA continue creixent i posicionant-se a Espanya com un festival de refer\u00e8ncia en les arts esc\u00e8niques\u201d.<\/p>\n\n\n\n<p>Cada any el FITCA es va obrint a tots els p\u00fablics i&nbsp;va ampliant-se a nous espais municipals, per a acollir&nbsp;<strong>grans produccions<\/strong>&nbsp;i propostes esc\u00e8niques de primer nivell en el panorama nacional. A m\u00e9s, el regidor de Cultura, ha volgut agrair a tota la ciutadania la seua participaci\u00f3, ja que &#8220;\u00e9s pe\u00e7a fonamental perqu\u00e8 aix\u00f2 funcione i es puga desenvolupar una setena edici\u00f3\u201d. I ha assegurat, que &#8220;el FITCA no seria possible sense la col\u00b7laboraci\u00f3 entre les diferents institucions que participen juntament amb l&#8217;Ajuntament d&#8217;Alacant&#8221;.<\/p>\n","protected":false},"excerpt":{"rendered":"<p>&#8220;Safo&#8221; i El Brujo van triomfar en aquesta edici\u00f3 i l&#8217;Ajuntament ja treballa per a la de l&#8217;any que ve El&nbsp;Festival Internacional de Teatre Cl\u00e0ssic d&#8217;Alacant&nbsp;(FITCA), celebrat&nbsp;del 13 al 25 de setembre, ha tancat la seua sisena edici\u00f3 amb&nbsp;prop de&nbsp;5.000 assistents&nbsp;a les sis propostes esc\u00e8niques que s&#8217;han desenvolupat en el&nbsp;Teatre Principal.&nbsp;Des de la Regidoria de [&hellip;]<\/p>\n","protected":false},"author":2,"featured_media":2882,"comment_status":"open","ping_status":"open","sticky":false,"template":"","format":"standard","meta":{"footnotes":""},"categories":[124],"tags":[],"class_list":["post-4709","post","type-post","status-publish","format-standard","has-post-thumbnail","hentry","category-fitca-val"],"_links":{"self":[{"href":"https:\/\/www.teatroprincipaldealicante.com\/val\/wp-json\/wp\/v2\/posts\/4709","targetHints":{"allow":["GET"]}}],"collection":[{"href":"https:\/\/www.teatroprincipaldealicante.com\/val\/wp-json\/wp\/v2\/posts"}],"about":[{"href":"https:\/\/www.teatroprincipaldealicante.com\/val\/wp-json\/wp\/v2\/types\/post"}],"author":[{"embeddable":true,"href":"https:\/\/www.teatroprincipaldealicante.com\/val\/wp-json\/wp\/v2\/users\/2"}],"replies":[{"embeddable":true,"href":"https:\/\/www.teatroprincipaldealicante.com\/val\/wp-json\/wp\/v2\/comments?post=4709"}],"version-history":[{"count":1,"href":"https:\/\/www.teatroprincipaldealicante.com\/val\/wp-json\/wp\/v2\/posts\/4709\/revisions"}],"predecessor-version":[{"id":4712,"href":"https:\/\/www.teatroprincipaldealicante.com\/val\/wp-json\/wp\/v2\/posts\/4709\/revisions\/4712"}],"wp:featuredmedia":[{"embeddable":true,"href":"https:\/\/www.teatroprincipaldealicante.com\/val\/wp-json\/wp\/v2\/media\/2882"}],"wp:attachment":[{"href":"https:\/\/www.teatroprincipaldealicante.com\/val\/wp-json\/wp\/v2\/media?parent=4709"}],"wp:term":[{"taxonomy":"category","embeddable":true,"href":"https:\/\/www.teatroprincipaldealicante.com\/val\/wp-json\/wp\/v2\/categories?post=4709"},{"taxonomy":"post_tag","embeddable":true,"href":"https:\/\/www.teatroprincipaldealicante.com\/val\/wp-json\/wp\/v2\/tags?post=4709"}],"curies":[{"name":"wp","href":"https:\/\/api.w.org\/{rel}","templated":true}]}}