{"id":4820,"date":"2022-11-14T10:00:55","date_gmt":"2022-11-14T09:00:55","guid":{"rendered":"https:\/\/www.teatroprincipaldealicante.com\/?p=4820"},"modified":"2022-11-14T10:01:10","modified_gmt":"2022-11-14T09:01:10","slug":"es-cancel%c2%b7la-lespectacle-ara-o-mai-previst-per-al-18-de-novembre","status":"publish","type":"post","link":"https:\/\/www.teatroprincipaldealicante.com\/val\/es-cancel%c2%b7la-lespectacle-ara-o-mai-previst-per-al-18-de-novembre\/","title":{"rendered":"Es cancel\u00b7la l&#8217;espectacle \u201cAra o mai\u201d previst per al 18 de novembre."},"content":{"rendered":"\n<h2 class=\"wp-block-heading\">L&#8217;espectacle \u201cAra o mai\u201d de Danna i Maribe Ponce es cancel\u00b7la.<\/h2>\n\n\n\n<p>Anunciem la cancel\u00b7laci\u00f3 de l&#8217;espectacle \u201cAra o mai\u201d de Danna i Maribe Ponce previst per al 18 de novembre.<\/p>\n\n\n\n<p>Podr\u00e0 sol\u00b7licitar la devoluci\u00f3 de les entrades de la seg\u00fcent manera:<\/p>\n\n\n\n<p>Si va adquirir les entrades en taquilla podr\u00e0 sol\u00b7licitar la seua devoluci\u00f3 en la taquilla del Teatre Principal.<\/p>\n\n\n\n<p>Si va adquirir les entrades per internet podr\u00e0 sol\u00b7licitar la devoluci\u00f3 enviant un email a:<\/p>\n\n\n\n<p>info@instanticket.es<\/p>\n\n\n\n<p>Lamentem profundament els possibles inconvenients que aix\u00f2 puga ocasionar.<\/p>\n","protected":false},"excerpt":{"rendered":"<p>L&#8217;espectacle \u201cAra o mai\u201d de Danna i Maribe Ponce es cancel\u00b7la. Anunciem la cancel\u00b7laci\u00f3 de l&#8217;espectacle \u201cAra o mai\u201d de Danna i Maribe Ponce previst per al 18 de novembre. Podr\u00e0 sol\u00b7licitar la devoluci\u00f3 de les entrades de la seg\u00fcent manera: Si va adquirir les entrades en taquilla podr\u00e0 sol\u00b7licitar la seua devoluci\u00f3 en la [&hellip;]<\/p>\n","protected":false},"author":2,"featured_media":4821,"comment_status":"open","ping_status":"open","sticky":false,"template":"","format":"standard","meta":{"footnotes":""},"categories":[128],"tags":[],"class_list":["post-4820","post","type-post","status-publish","format-standard","has-post-thumbnail","hentry","category-cancellacions"],"_links":{"self":[{"href":"https:\/\/www.teatroprincipaldealicante.com\/val\/wp-json\/wp\/v2\/posts\/4820","targetHints":{"allow":["GET"]}}],"collection":[{"href":"https:\/\/www.teatroprincipaldealicante.com\/val\/wp-json\/wp\/v2\/posts"}],"about":[{"href":"https:\/\/www.teatroprincipaldealicante.com\/val\/wp-json\/wp\/v2\/types\/post"}],"author":[{"embeddable":true,"href":"https:\/\/www.teatroprincipaldealicante.com\/val\/wp-json\/wp\/v2\/users\/2"}],"replies":[{"embeddable":true,"href":"https:\/\/www.teatroprincipaldealicante.com\/val\/wp-json\/wp\/v2\/comments?post=4820"}],"version-history":[{"count":1,"href":"https:\/\/www.teatroprincipaldealicante.com\/val\/wp-json\/wp\/v2\/posts\/4820\/revisions"}],"predecessor-version":[{"id":4824,"href":"https:\/\/www.teatroprincipaldealicante.com\/val\/wp-json\/wp\/v2\/posts\/4820\/revisions\/4824"}],"wp:featuredmedia":[{"embeddable":true,"href":"https:\/\/www.teatroprincipaldealicante.com\/val\/wp-json\/wp\/v2\/media\/4821"}],"wp:attachment":[{"href":"https:\/\/www.teatroprincipaldealicante.com\/val\/wp-json\/wp\/v2\/media?parent=4820"}],"wp:term":[{"taxonomy":"category","embeddable":true,"href":"https:\/\/www.teatroprincipaldealicante.com\/val\/wp-json\/wp\/v2\/categories?post=4820"},{"taxonomy":"post_tag","embeddable":true,"href":"https:\/\/www.teatroprincipaldealicante.com\/val\/wp-json\/wp\/v2\/tags?post=4820"}],"curies":[{"name":"wp","href":"https:\/\/api.w.org\/{rel}","templated":true}]}}