{"id":4924,"date":"2022-11-22T10:56:23","date_gmt":"2022-11-22T09:56:23","guid":{"rendered":"https:\/\/www.teatroprincipaldealicante.com\/el-principal-lanza-una-promocion-especial-por-el-black-friday\/"},"modified":"2022-11-22T11:05:24","modified_gmt":"2022-11-22T10:05:24","slug":"el-principal-lanza-una-promocion-especial-por-el-black-friday","status":"publish","type":"post","link":"https:\/\/www.teatroprincipaldealicante.com\/val\/el-principal-lanza-una-promocion-especial-por-el-black-friday\/","title":{"rendered":"El Principal llan\u00e7a una promoci\u00f3 especial pel Black Friday."},"content":{"rendered":"\n<h2 class=\"wp-block-heading\">El Teatre Principal ofereix un 2&#215;1 en les entrades per a veure \u201cDecad\u00e8ncia\u201d divendres que ve 2 de desembre.<\/h2>\n\n\n\n<p>El Teatre Principal d&#8217;Alacant ofereix al p\u00fablic una promoci\u00f3 especial pel Black Friday. Del 21 al 25 de novembre hi haur\u00e0 un 2&#215;1 en les entrades per a veure <a href=\"https:\/\/www.teatroprincipaldealicante.com\/val\/obra\/decadencia\/\" data-type=\"obra\" data-id=\"3781\">&#8220;Decad\u00e8ncia&#8221;<\/a> divendres que ve 2 de desembre.<\/p>\n\n\n\n<p>Berkoff, decad\u00e8ncia, i a ballar. Ella i ell. I l&#8217;altre. I una altra. O s\u00f3n ells mateixos i altres al temps? Subvertits en un joc transvestit de personalitats obscenes i malaltes, impertinents i prom\u00edscues. Ells, depredadors i decadents: El ball de l&#8217;erotisme sexualizante i aristocr\u00e0tic. El pou de l&#8217;esnobisme. El viacrucis laic de la cosa de no res ofensiva i dominadora.<\/p>\n\n\n\n<figure class=\"wp-block-image size-large\"><img fetchpriority=\"high\" decoding=\"async\" width=\"733\" height=\"1024\" src=\"https:\/\/www.teatroprincipaldealicante.com\/wp-content\/uploads\/2022\/11\/03_DECADENCIA_Pareja3_foto_Sergio_Parra-733x1024.jpg\" alt=\"\" class=\"wp-image-4918\" srcset=\"https:\/\/www.teatroprincipaldealicante.com\/wp-content\/uploads\/2022\/11\/03_DECADENCIA_Pareja3_foto_Sergio_Parra-733x1024.jpg 733w, https:\/\/www.teatroprincipaldealicante.com\/wp-content\/uploads\/2022\/11\/03_DECADENCIA_Pareja3_foto_Sergio_Parra-215x300.jpg 215w, https:\/\/www.teatroprincipaldealicante.com\/wp-content\/uploads\/2022\/11\/03_DECADENCIA_Pareja3_foto_Sergio_Parra-768x1073.jpg 768w, https:\/\/www.teatroprincipaldealicante.com\/wp-content\/uploads\/2022\/11\/03_DECADENCIA_Pareja3_foto_Sergio_Parra-1099x1536.jpg 1099w, https:\/\/www.teatroprincipaldealicante.com\/wp-content\/uploads\/2022\/11\/03_DECADENCIA_Pareja3_foto_Sergio_Parra.jpg 1431w\" sizes=\"(max-width: 733px) 100vw, 733px\" \/><\/figure>\n\n\n\n<p>Ella. Ell. La grotesca festa del ball sincopado de la desnaturalitzaci\u00f3 de comportaments d&#8217;una classe tal vegada dominadora, elegant i condemnada A la desaparici\u00f3? o A la imposici\u00f3? Dues \u00e0nimes nervioses, jugant al sat\u00e0nic o hum\u00e0 o div\u00ed joc de la seducci\u00f3, l&#8217;horror, la humiliaci\u00f3, el ball som\u00e0tic elegant o terror\u00edfic, el ronroneo que fa olor de procacitat.<\/p>\n\n\n\n<p>PREUS<br>Pati i Club: 25\u20ac<br>Llotja correguda: 18\u20ac<br>Amfiteatre: 12\u20ac<\/p>\n\n\n\n<p>DESCOMPTES<br>25% +65 anys<br>25% &#8211; 25 anys<br>50% Estudiants de Teatre (ET)<br>30% Estudiants Universitaris (O)<br>Bono Teatro<br>15% Desocupat (D)<\/p>\n\n\n\n<div class=\"wp-block-buttons is-content-justification-center is-layout-flex wp-container-core-buttons-is-layout-a89b3969 wp-block-buttons-is-layout-flex\">\n<div class=\"wp-block-button is-style-fill\"><a class=\"wp-block-button__link has-vivid-red-background-color has-background wp-element-button\" href=\"https:\/\/www.teatroprincipaldealicante.com\/en\/obra\/decadencia\/\" target=\"_blank\" rel=\"noreferrer noopener\">Aconsegueix el teu 2&#215;1<\/a><\/div>\n<\/div>\n","protected":false},"excerpt":{"rendered":"<p>El Teatre Principal ofereix un 2&#215;1 en les entrades per a veure \u201cDecad\u00e8ncia\u201d divendres que ve 2 de desembre. El Teatre Principal d&#8217;Alacant ofereix al p\u00fablic una promoci\u00f3 especial pel Black Friday. Del 21 al 25 de novembre hi haur\u00e0 un 2&#215;1 en les entrades per a veure &#8220;Decad\u00e8ncia&#8221; divendres que ve 2 de desembre. [&hellip;]<\/p>\n","protected":false},"author":2,"featured_media":4910,"comment_status":"open","ping_status":"open","sticky":false,"template":"","format":"standard","meta":{"footnotes":""},"categories":[143,144],"tags":[],"class_list":["post-4924","post","type-post","status-publish","format-standard","has-post-thumbnail","hentry","category-promociones-val","category-promocions"],"_links":{"self":[{"href":"https:\/\/www.teatroprincipaldealicante.com\/val\/wp-json\/wp\/v2\/posts\/4924","targetHints":{"allow":["GET"]}}],"collection":[{"href":"https:\/\/www.teatroprincipaldealicante.com\/val\/wp-json\/wp\/v2\/posts"}],"about":[{"href":"https:\/\/www.teatroprincipaldealicante.com\/val\/wp-json\/wp\/v2\/types\/post"}],"author":[{"embeddable":true,"href":"https:\/\/www.teatroprincipaldealicante.com\/val\/wp-json\/wp\/v2\/users\/2"}],"replies":[{"embeddable":true,"href":"https:\/\/www.teatroprincipaldealicante.com\/val\/wp-json\/wp\/v2\/comments?post=4924"}],"version-history":[{"count":2,"href":"https:\/\/www.teatroprincipaldealicante.com\/val\/wp-json\/wp\/v2\/posts\/4924\/revisions"}],"predecessor-version":[{"id":4928,"href":"https:\/\/www.teatroprincipaldealicante.com\/val\/wp-json\/wp\/v2\/posts\/4924\/revisions\/4928"}],"wp:featuredmedia":[{"embeddable":true,"href":"https:\/\/www.teatroprincipaldealicante.com\/val\/wp-json\/wp\/v2\/media\/4910"}],"wp:attachment":[{"href":"https:\/\/www.teatroprincipaldealicante.com\/val\/wp-json\/wp\/v2\/media?parent=4924"}],"wp:term":[{"taxonomy":"category","embeddable":true,"href":"https:\/\/www.teatroprincipaldealicante.com\/val\/wp-json\/wp\/v2\/categories?post=4924"},{"taxonomy":"post_tag","embeddable":true,"href":"https:\/\/www.teatroprincipaldealicante.com\/val\/wp-json\/wp\/v2\/tags?post=4924"}],"curies":[{"name":"wp","href":"https:\/\/api.w.org\/{rel}","templated":true}]}}