{"id":6874,"date":"2023-01-18T14:19:16","date_gmt":"2023-01-18T13:19:16","guid":{"rendered":"https:\/\/www.teatroprincipaldealicante.com\/el-teatro-principal-de-alicante-completa-su-programacion-para-esta-primavera\/"},"modified":"2023-01-18T14:34:24","modified_gmt":"2023-01-18T13:34:24","slug":"el-teatro-principal-de-alicante-completa-su-programacion-para-esta-primavera","status":"publish","type":"post","link":"https:\/\/www.teatroprincipaldealicante.com\/val\/el-teatro-principal-de-alicante-completa-su-programacion-para-esta-primavera\/","title":{"rendered":"EL TEATRE PRINCIPAL D&#8217;ALACANT COMPLETA LA SEUA PROGRAMACI\u00d3 PER A AQUESTA PRIMAVERA."},"content":{"rendered":"\n<p>La temporada de primavera ens revela una programaci\u00f3 que inclou teatre, m\u00fasica, dansa, espectacles per a gaudir en fam\u00edlia i m\u00e9s sorpreses. &nbsp;<\/p>\n\n\n\n<p>El Teatre Principal d&#8217;Alacant va presentar el mes de novembre passat l&#8217;avan\u00e7 de la programaci\u00f3 d&#8217;aquesta primavera. Aquest mat\u00ed a les 11,30h el regidor de Cultura Antonio Manresa, Ana Ponsoda, directora Regional Alacant Centre de Banc Sabadell, Alicia Garijo, delegada Territorial del IVC a Alacant i la subdirectora del Teatre Principal, Mar\u00eda Dolores Padilla han anunciat els 22 espectacles que completen la seua pr\u00f2xima programaci\u00f3 en una roda de premsa que ha tingut lloc en el vest\u00edbul del Principal.<\/p>\n\n\n\n<p>El Principal presenta la seua programaci\u00f3 d&#8217;aquesta temporada al complet perqu\u00e8 el p\u00fablic tinga temps per a planificar l&#8217;oci d&#8217;aquests pr\u00f2xims mesos. Com sempre, el Teatre Principal aposta per la qualitat, la diversitat i l&#8217;heterogene\u00eftat de les seues obres i funcions, per a satisfer la demanda dels alacantins, xicotets i majors. Entre els espectacles presentats que completen la programaci\u00f3 d&#8217;aquesta primavera trobem teatre, m\u00fasica, dansa, l\u00edrica, m\u00e0gia i espectacles familiars.<\/p>\n\n\n\n<figure class=\"wp-block-image size-large\"><img fetchpriority=\"high\" decoding=\"async\" width=\"1024\" height=\"769\" src=\"https:\/\/www.teatroprincipaldealicante.com\/wp-content\/uploads\/2023\/01\/rueda2-1024x769.jpg\" alt=\"\" class=\"wp-image-6866\" srcset=\"https:\/\/www.teatroprincipaldealicante.com\/wp-content\/uploads\/2023\/01\/rueda2-1024x769.jpg 1024w, https:\/\/www.teatroprincipaldealicante.com\/wp-content\/uploads\/2023\/01\/rueda2-300x225.jpg 300w, https:\/\/www.teatroprincipaldealicante.com\/wp-content\/uploads\/2023\/01\/rueda2-768x577.jpg 768w, https:\/\/www.teatroprincipaldealicante.com\/wp-content\/uploads\/2023\/01\/rueda2-1536x1153.jpg 1536w, https:\/\/www.teatroprincipaldealicante.com\/wp-content\/uploads\/2023\/01\/rueda2-2048x1538.jpg 2048w\" sizes=\"(max-width: 1024px) 100vw, 1024px\" \/><\/figure>\n\n\n\n<p>Manresa ha declarat \u201cLa programaci\u00f3 del Principal segueix en una l\u00ednia ascendent des de 2019 i la dels mesos de febrer a juny que acabem de presentar, \u00e9s una prova evident de la qualitat i diversitat que, a m\u00e9s ve acompanyada de la resposta del p\u00fablic. Des de l&#8217;Ajuntament d&#8217;Alacant continuarem apostant pel Teatre Principal per a convertir-lo en un referent a la nostra ciutat, a la nostra prov\u00edncia i a nivell nacional\u201d.<\/p>\n\n\n\n<p>En paraules d&#8217;Alicia Garijo, \u201cCreiem que aquest nou trimestre \u00e9s una mostra fefaent de la l\u00ednia que, des del IVC, es desitja impulsar: d&#8217;una banda, que cada temporada existisca una millor programaci\u00f3, en quantitat, qualitat i diversitat; i, en segon lloc, que la ciutadania senta que el Teatre Principal i el Teatre Arniches s\u00f3n els referents de les arts esc\u00e8niques de la ciutat. Ens congratula veure en la programaci\u00f3 els treballs de la core\u00f2grafa i ballarina alcoiana Sol Pic\u00f3 o Creacci\u00f3n de Iratxe Ansa; directors com Veronese o Iaio C\u00e0ceres o propostes com a Lectura f\u00e0cil o Ladies Football Club, a m\u00e9s de propostes valencianes com Eugeni Alemany o El Pla de la productora valenciana Olympia Metropolitana. Per aix\u00f2, donem la benvinguda a aquesta nova proposta carregada de bon teatre, dansa i m\u00fasica\u201d.<\/p>\n\n\n\n<p>La subdirectora ha manifestat \u201cDe nou el Principal presenta una programaci\u00f3 pensada per a tots els p\u00fablics, amb muntatges nacionals i internacionals de gran qualitat art\u00edstica i que pretenen formar part de l&#8217;agenda cultural dels alacantins amb un total de 52 propostes per a triar i continuem mantenint els mateixos preus des dels \u00faltims 10 anys. &nbsp;I continuem incrementant el nostre comprom\u00eds i implicaci\u00f3 amb les Institucions de la nostra ciutat i prov\u00edncia com \u00e9s el cas del Festival Abril en Dansa\u201d.<\/p>\n\n\n\n<p>LA NOVA PROGRAMACI\u00d3: TEATRE, M\u00daSICA, DANSA, HUMOR i MUSICAL FAMILIAR. COLORS PER A TOTS ELS GUSTOS EN LA PRIMAVERA DEL PRINCIPAL.<\/p>\n\n\n\n<p>Comencem amb els espectacles d&#8217;abril. Divendres que ve 14 a les 20,30h la companyia Ron Lal\u00e1 ens porta l&#8217;obra \u201cVila i Mart\u201d, d&#8217;\u00c1lvaro Tato.&nbsp; Amb la direcci\u00f3 de Iaio C\u00e0ceres i amb Juan Ca\u00f1as, Daniel Rovalher, Miguel Magdalena, Luis Retana i Diego Morales en l&#8217;elenc.<\/p>\n\n\n\n<p>Una nau espacial viatja a Mart per a colonitzar el planeta roig. Per\u00f2 el capit\u00e0 i el seu androide Andr\u00f2mina descobriran que el planeta ja est\u00e0 habitat quan arriben a la ciutat de Martid, on els ve\u00efns mutants celebren una revetla popular castissa davant els alien\u00edgenes terrestres. A sobre de mals, el capit\u00e0 s&#8217;enamora d&#8217;una chulapa marciana postinera d&#8217;ulls embruixadors i pret\u00e9n fugir amb ella rumb a Venus\u2026 Vila i Mart \u00e9s la reinvenci\u00f3 del g\u00e8nere xic en clau ronlalera: humor, m\u00fasica en directe, teatre\u2026 i xotis.<\/p>\n\n\n\n<p>El dissabte 15 a les 20h i el diumenge 16 d&#8217;abril a les 18h la companyia GG Producci\u00f3 Esc\u00e8nica i Teatre del N\u00f2mada arriba al Principal amb l&#8217;obra \u201cEls Sants Innocents\u201d, de Miguel Delibes amb versi\u00f3 de Fernando Mar\u00edas i Javier Hern\u00e1ndez-Sim\u00f3n. Sota la direcci\u00f3 de Javier Hern\u00e1ndez-Sim\u00f3n i amb Javier Guti\u00e9rrez, Pepa Pedroche, Yune Nogueiras, Jos\u00e9 Fern\u00e1nde, Fernando Huesca, Lu\u00eds Bermejo, Raquel Varela, Jacobo Dicenta i Marta G\u00f3mez en l&#8217;elenc.<\/p>\n\n\n\n<p>Els Sants Innocents se&#8217;ns presenta com un espill en el qual mirar-nos. Com a societat. Com a individus. I com tots els espills, ens retorna el reflex del nostre passat perqu\u00e8 puguem explicar el nostre present. La imatge a la qual ens enfronta \u00e9s crua, bella, salvatge&#8230; per\u00f2 sobretot profundament humana.<\/p>\n\n\n\n<p>Continuem el mes d&#8217;abril, el mes del Festival Abril en Dansa, el Teatre Principal aportar\u00e0 per primera vegada una gran producci\u00f3 incrementant aix\u00ed la seua aportaci\u00f3 al Festival. L&#8217;elecci\u00f3 de l&#8217;espectacle compartida amb la directora del Festival, Asun Noales. I l&#8217;espectacle que podrem veure \u00e9s \u201cCreAcci\u00f3n\u201d, de Iratxe Ansa i Igor Bacovich, el dimecres 19 a les 20,30h. Intervenen els ballarins Igor Bacovich, Katie Courier, Kate Arber, Sephora Ferrillo i David Serrano. La m\u00fasica \u00e9s a c\u00e0rrec de Juan Belda. Aquest muntatge ha obtingut dos Premis Max a la Millor Coreografia i al Millor Disseny d&#8217;Il\u00b7luminaci\u00f3, una gran faena de Nicol\u00e1s Fischtel.<\/p>\n\n\n\n<p>CreAcci\u00f3n ofereix una experi\u00e8ncia sensorial i seductora. La coreografia mou als int\u00e8rprets per l&#8217;espai amb precisi\u00f3 i habilitat, buscant equilibri, eleg\u00e0ncia i comunicaci\u00f3 amb el dispositiu escenogr\u00e0fic, la il\u00b7luminaci\u00f3 i la m\u00fasica, elements responsables de l&#8217;enigm\u00e0tica atmosfera de la pe\u00e7a.<\/p>\n\n\n\n<p>Un espectacle d&#8217;elevat rigor art\u00edstic i t\u00e8cnic, en el qual predominen el virtuosisme, el treball f\u00edsic, una escenografia din\u00e0mica i atractiva, aix\u00ed com una composici\u00f3 musical i una il\u00b7luminaci\u00f3 que s\u00f3n tamb\u00e9 protagonistes de la pe\u00e7a.<\/p>\n\n\n\n<p>\u00c9s el torn de l&#8217;humor, el divendres 21 d&#8217;abril a les 20,30h arriba Miguel Lago per a presentar-nos el seu xou \u201cLlac\u201d. Pur estand-up cl\u00e0ssic. Genu\u00efna com\u00e8dia servida amb llibertat, veritat i nuesa que busca la quinta ess\u00e8ncia del format. I per descomptat amb la signatura i l&#8217;experi\u00e8ncia d&#8217;una icona del \u201cOne man Xou\u201d.<\/p>\n\n\n\n<p>Un viatge on Miguel entrega l&#8217;apr\u00e9s en els seus m\u00e9s de 20 anys de traject\u00f2ria amb una col\u00b7lecci\u00f3 de les rutines m\u00e9s \u00e0cides, desternillantes i atrevides que s&#8217;han escoltat mai en la butaca d&#8217;un teatre. Aix\u00f2 no \u00e9s nom\u00e9s un unipersonal, aix\u00f2 no \u00e9s nom\u00e9s un teatre, aix\u00f2 no \u00e9s un club m\u00e9s. Esteu preparats per a l&#8217;experi\u00e8ncia?<\/p>\n\n\n\n<p>Seguim amb m\u00e9s teatre. El dissabte 22 d&#8217;abril a les 20h la companyia Seq\u00fc\u00e8ncia 3 ens porta \u201cLa professora\u201d, d&#8217;Eduardo Gal\u00e1n. Amb direcci\u00f3 de Carla Nyman i amb Isabel Ordaz i Marcial \u00c1lvarez en l&#8217;elenc.<\/p>\n\n\n\n<p>Ortiz, un pescater d&#8217;uns cinquanta anys que treballa en un supermercat, acudeix a una tutoria per a solucionar la situaci\u00f3 de la seua filla Daniela. La primera trobada amb la tutora, Am\u00e8rica Alcal\u00e1, una dona de quasi seixanta-cinc anys que no vol jubilar-se per por de la soledat, resulta un vertader combat de boxa. Al llarg de set reunions fins al final del curs assistim, en clau de com\u00e8dia dram\u00e0tica, a la trobada i acostament entre dos personatges tan distants per cultura i per edat, enmig dels conflictes que planteja la filla.<\/p>\n\n\n\n<p>Continuem amb teatre en valenci\u00e0. El diumenge 23 a les 18h Olympia Metropolitana presenta \u201cEl Pla\u201d, de Ignas\u00ed Vidal qui tamb\u00e9 la dirigeix. Amb Jordi Ballester, Diego Braguinsky i \u00c0ngel Figols en l&#8217;elenc.<\/p>\n\n\n\n<p>\u201cEl Pla\u201d \u00e9s una com\u00e8dia negra en la qual els seus protagonistes es despullen a poc a poc de les seues m\u00e0scares socials, per a portar fins al l\u00edmit tot l&#8217;instint de superviv\u00e8ncia i la noci\u00f3 de l&#8217;amistat. B\u00e0sicament, \u00e9s la hist\u00f2ria de la trobada de tres amics, tres col\u00b7legues de mis\u00e8ria, tres \u00e9ssers del carrer que no semblen personatges de ficci\u00f3: vost\u00e9s veuen di\u00e0riament a persones com Ram\u00f3n, Ximo i Andrade en el bar del costat de la seua casa, al seu ascensor o en l&#8217;autob\u00fas. S\u00f3n \u00e9ssers comuns en els quals ning\u00fa repararia, precisament perqu\u00e8 estem farts de veure&#8217;ls. Aquesta caracter\u00edstica compleix una doble funci\u00f3: que la riallada i la identificaci\u00f3 cap al que veiem siguen sinceres i immediates; per\u00f2 tamb\u00e9 que el desenlla\u00e7 ens resulte molt m\u00e9s impactant i dolor\u00f3s.<\/p>\n\n\n\n<p>I celebrarem el Dia Internacional de la Dansa tamb\u00e9 amb un altre espectacle de ballet flamenc \u201cEtern Picasso\u201d, de la companyia Carlos Rodriguez, el dimecres 26 a les 20,30h. Amb els ballarins Joaqu\u00edn de Llum, Carlos Rodr\u00edguez, Miguel A. Berna, Jos\u00e9 Maldonado, Pablo Egea, La Lupi, Sara Calero o Estela Alonso, Mayte Baix, Ana del Rei, Laura Funez i Cinthya Cano. Amb m\u00fasics en directe, Pedro Medina i Daniel Jurad\u00f3, guitarres; viol\u00ed, Roberto Jabonero, cantaors, David V\u00e1zquez i Jos\u00e9 Luis Hern\u00e1ndez i en la percussi\u00f3, Julio Alcocer.<\/p>\n\n\n\n<p>Etern \u00e9s un espectacle que combina la dansa espanyola, escola pista de bitles, flamenc, jota, dansa cl\u00e0ssica, dansa contempor\u00e0nia, i naix amb la idea de plasmar i expressar des de l&#8217;ull de l&#8217;artista, qu\u00e8 veia i sentia? Com Picasso digeria i convertia en art? Com intentava<\/p>\n\n\n\n<p>atrapar el m\u00f3n amb les mans, \u201cmostrant que l&#8217;art \u00e9s la mentida que compta la veritat. Ens hem atrevit a trencar les normes dels espectacles de dansa a l&#8217;\u00fas. Com Picasso pensem que per a crear cal destruir.<\/p>\n\n\n\n<p>Seguim amb humor en valenci\u00e0 el dijous 27 a les 20,30h amb el xou \u201cA ning\u00fa que li passe\u201d, d&#8217;Eugeni Alemany i Yolanda Mart\u00ednez.<\/p>\n\n\n\n<p>En \u201cA ning\u00fa que li passe\u201d l&#8217;humorista valenci\u00e0 Eugeni Alemany i la seua amiga Zuleima Gonz\u00e1les comparteixen, per fi, escenari. Eugeni tenia un deute pendent amb el seu p\u00fablic. Despr\u00e9s d&#8217;haver analitzat humor\u00edsticament les mares valencianes havien de fer la venjan\u00e7a. Per aix\u00f2 ha arribat el moment de parlar d&#8217;ells. Ha arribat el moment de donar canya als homes valencians. A Zuleima tamb\u00e9 li interessen els homes valencians, per\u00f2 no per a parlar d&#8217;ells, precisament&#8230; Ai, mare, a ning\u00fa que li passe!!!<\/p>\n\n\n\n<p>Continuem amb m\u00e9s teatre. El dissabte 29 d&#8217;abril a les 20h arriba al Principal l&#8217;obra \u201cLectura f\u00e0cil\u201d, de Cristina Garc\u00eda Morales. Amb direcci\u00f3 i dramat\u00fargia d&#8217;Alberto Sant Joan i amb Desir\u00e9e Cascales, Carlota Gavi\u00f1o, Pilar G\u00f3mez, Marcos Mayo, Anna Marchessi, Pablo S\u00e1nchez i Estefan\u00eda dels Sants en l&#8217;elenc.<\/p>\n\n\n\n<p>\u201cLectura f\u00e0cil\u201d \u00e9s l&#8217;adaptaci\u00f3 teatral de la novel\u00b7la hom\u00f2nima de Cristina Morales. Una bomba dissenyada per a rebentar el concepte de discapacitat i reivindicar el dret de tot el visc a governar-se a si mateix. Quatre dones sotmeses a tutela pels serveis p\u00fablics de benestar. Una d&#8217;elles escapa. Una jutgessa la persegueix. Una hist\u00f2ria intensament c\u00f2mica i tr\u00e0gica on el cos \u00e9s el centre de tot, el lloc de l&#8217;opressi\u00f3 i l&#8217;\u00fanic lloc des del qual \u00e9s possible emancipar-se.<\/p>\n\n\n\n<p>Finalitzem el mes d&#8217;abril amb el concert per el \u201cDia Internacional del Jazz Alacant 2023\u201d el diumenge 30 a les 19h. La \u200b\u200bAssociaci\u00f3 Cultural Liz Vallet ens porta la dotzena edici\u00f3 del concert col\u00b7lectiu i ben\u00e8fic amb dotzenes de m\u00fasics locals, nacionals i internacionals per a celebrar el Dia Internacional del Jazz afavorit per la UNESCO cada 30 d&#8217;abril.<\/p>\n\n\n\n<p>Encap\u00e7alat per la seua directora general Audrey Azoulay i el llegendari pianista i compositor Herbie Hancock, Ambaixador per al Di\u00e0leg Intercultural i director del Herbie Hancock Institute of Jazz (antigament el Thelonious Monk Institute), aquest esdeveniment \u00e9s celebrat en m\u00e9s de 200 pa\u00efsos.<\/p>\n\n\n\n<p>Comencem maig amb l&#8217;obra \u201cLa vida \u00e9s somni\u201d, de Calder\u00f3n de la Barca, el divendres 5 a les 20,30h. La Companyia Nacional de Teatre Cl\u00e0ssic, companyia LAZONA i Cheek by Jowl ens porten aquesta obra amb versi\u00f3 de Declan Donnellan i Nick Ormerod. Dirigida per Declan Donnellan compta amb Prince Ezeanyim, David Luque, Rebeca Matell\u00e1n, Manuel Moya, Alfredo Noval, Goizalde N\u00fa\u00f1ez, Antonio Prieto i Irene Serrano en l&#8217;elenc.<\/p>\n\n\n\n<p>Un pr\u00edncep encadenat en una muntanya. Una jove disfressada d&#8217;home a la recerca de venjan\u00e7a. Revoluci\u00f3, amor, assassinat&#8230; per\u00f2 en \u201cLa vida \u00e9s somni\u201d \u00e9s el real veritablement real? O \u00e9s tot un somni?<\/p>\n\n\n\n<p>El director Declan Donnellan i el dissenyador Nick Ormerod imprimeixen el seu esperit caracter\u00edstic a aquesta obra de Calder\u00f3n de la Barca, la m\u00e9s famosa del Segle d&#8217;Or espanyol, donant prioritat a l&#8217;actor, al text i a l&#8217;espai. Un mur verd de portes dona la benvinguda al p\u00fablic.<\/p>\n\n\n\n<p>Quan les llums s&#8217;apaguen, s&#8217;estableix una relaci\u00f3 entre l&#8217;actor i el p\u00fablic. Sentim a Calder\u00f3n en la nostra o\u00efda, preguntant: \u201cQu\u00e8 \u00e9s la vida?\u201d I la seua resposta: \u201cUna il\u00b7lusi\u00f3, una ombra, una ficci\u00f3. Perqu\u00e8 tota la vida \u00e9s somni, i els somnis, somnis s\u00f3n\u201d.<\/p>\n\n\n\n<p>El dissabte 6 de maig a les 20h el Centre Dram\u00e0tic Nacional i Lantia Esc\u00e8nica ens porten \u201cEl proc\u00e9s\u201d, una obra basada en la novel\u00b7la de Franz Kafka amb direcci\u00f3 d&#8217;Ernesto Caballero. Amb Felipe Ansola, Olivia Baglivi, Jorge Basanta, Carlos Hip\u00f2lit, Alberto Jim\u00e9nez, Paco Ochoa, Ainhoa Santamar\u00eda i Juan Carlos Talavera en l&#8217;elenc.<\/p>\n\n\n\n<p>Un mat\u00ed dos funcionaris es presenten en la pensi\u00f3 on viu el gerent bancari Josef K. per a informar-lo que se li acaba d&#8217;obrir un procediment judicial la causa del qual desconeixen. Li comuniquen que ha de presentar-se immediatament en els jutjats per a aclarir la seua situaci\u00f3. A partir d&#8217;aqueix moment, la vida de K es veur\u00e0 atrapada en un absurd i interminable proc\u00e9s que, com indica un dels membres del tribunal, inclou en si la pr\u00f2pia condemna de l&#8217;acusat.<\/p>\n\n\n\n<p>Seguim la programaci\u00f3 de maig el diumenge 7 a les 18h amb el musical familiar \u201cMul\u00e1n\u201d, de Sergio Escribano i Omar Ruiz.<\/p>\n\n\n\n<p>La Companyia de Row presenta aquest musical basat en la hist\u00f2ria d&#8217;aquesta valenta jove nascuda a la Xina, que decideix lluitar contra l&#8217;ex\u00e8rcit dels Huns fent-se passar per home per a salvar al seu pare. Ombres xineses, palaus imperials, arts marcials, dracs xinesos, est\u00e0tues ancestrals que cobren vida\u2026 Tot el vestuari s&#8217;ha dissenyat amb teixits i colors perqu\u00e8 l&#8217;espectador quede totalment immers en la cultura xinesa.<\/p>\n\n\n\n<p>Continuem amb m\u00e9s m\u00fasica. L&#8217;espectacle internacional que ha arrasat en tot el pa\u00eds i que han vist m\u00e9s d&#8217;1.000.000 persones, ens presenta el seu nou espectacle. El dijous 11 i el divendres 12 de maig a les 20,30h torna \u201cSymphonic Rhapsody of Queen\u201d.<\/p>\n\n\n\n<p>Despr\u00e9s de captivar la Gran Via de Madrid i Barcelona amb plens absoluts, acaparant seccions en programes d&#8217;alta audi\u00e8ncia i tancar informatius de les televisions m\u00e9s importants del pa\u00eds, torna amb nova producci\u00f3 i posada en escena. Cantants internacionals i una potent i Gran Banda de ROCK amb una poderosa posada en escena i un gran desplegament t\u00e8cnic visual interpretaran les can\u00e7ons m\u00e9s grans d&#8217;aquesta celebre banda anglesa.<\/p>\n\n\n\n<p>El dissabte 13 a les 20h i el diumenge 14 a les 18h la companyia Nearco Produccions ens porta l&#8217;obra \u201cEl Desbaratador\u201d. Escrita per Francis Veber, un dels dramaturgs m\u00e9s reconeguts<\/p>\n\n\n\n<p>a Fran\u00e7a i altres pa\u00efsos d&#8217;Europa, arriba ara la nova versi\u00f3 d&#8217;aquesta com\u00e8dia d&#8217;\u00e8xit de la m\u00e0 de Josema Yuste sota la direcci\u00f3 de Marcelo Casas. Amb Josema Yuste, Santiago Urrialde, Maribel Lara, Vicente Renovell, Kiko Ortega i Arturo Venegas en l&#8217;elenc.<\/p>\n\n\n\n<p>Serguei \u00e9s un assass\u00ed a sou que s&#8217;allotja en un hotel, per a poder complir amb el seu rifle des de la finestra, un dels seus \u201cenc\u00e0rrecs\u201d. Per\u00f2 la seua tasca es veur\u00e0 constantment interrompuda per Ram\u00f3n, l&#8217;hoste de l&#8217;habitaci\u00f3 contigua. Un home molt, per\u00f2 que molt pesat, que pret\u00e9n su\u00efcidar-se despr\u00e9s que la seua dona li ha abandonat.<\/p>\n\n\n\n<p>Un altre espectacle de dansa se suma a la nova programaci\u00f3. El dimecres 17 a les 20,30h la companyia Ilia Jivoy i Parell en Dansa presenta \u201cLes quatre estacions\u201d.<\/p>\n\n\n\n<p>Les quatre estacions amb coreografia de Ilia Jivoy, considerat com un dels millors joves core\u00f2grafs provinents del Teatre Mari\u00ednsky de Sant Petersburg. En 2012, el productor, pianista i compositor brit\u00e0nic d&#8217;origen alemany, Max Richter, va editar el disc Recomposed by Max Richter \u2013 Vivaldi \u2013 The Four Seasons. Aquest treball, d&#8217;un dels referents actuals de la m\u00fasica cl\u00e0ssica i minimalista, va captivar al core\u00f2graf, Ilia Jivoy i li va inspirar per a crear aquesta coreografia per a 16 ballarins. Ilia Jivoy ha rebut el premi \u201cEsperanza de R\u00fassia\u201d, i \u00e9s considerat com un dels millors joves core\u00f2grafs de la seua generaci\u00f3.<\/p>\n\n\n\n<p>Comptem tamb\u00e9 amb un espectacle d&#8217;humor el mes de maig. El divendres 19 a les 20,30h \u201cLa Ru\u00efna\u201d arriba al Principal. Un xou en el qual tant assistents com convidats especials comparteixen en p\u00fablic la seua an\u00e8cdota m\u00e9s inc\u00f2moda: aquella vegada que la seua parella els va deixar per whatsapp, quan es van adormir en una reuni\u00f3 important, un malent\u00e9s amb un taxista\u2026 La t\u00edpica an\u00e8cdota que els amics sempre demanen que comptes en els sopars.<\/p>\n\n\n\n<p>En La Ru\u00efna riem, s\u00ed, per\u00f2 d&#8217;alguna manera tamb\u00e9 fem ter\u00e0pia de grup en veure que tots portem un loser dins. Els c\u00f2mics i guionistes Ignasi Taltavull &amp; Tom\u00e0s Fuentes condueixen l&#8217;espectacle, acompanyats d&#8217;un convidat que els ajudar\u00e0 a comentar les an\u00e8cdotes d&#8217;aqueixa nit.<\/p>\n\n\n\n<p>Continuem amb m\u00e9s teatre. El dissabte 20 a les 20h FOCUS presenta \u201cPl\u00e0tans, cacauets i el que el vent es va emportar\u201d, de Ron Hutchinson amb versi\u00f3 i direcci\u00f3 de Jos\u00e9 Troncoso. Aquesta obra compta amb Gonzalo de Castro, Pedro Mari S\u00e1nchez, Jos\u00e9 Bustos i Carmen Barrantes en l&#8217;elenc.<\/p>\n\n\n\n<p>El rodatge de \u201cEl que el vent es va emportar\u201d \u00e9s un aut\u00e8ntic desastre. El productor cinematogr\u00e0fic, David O. Selznick, ha decidit frenar-ho en sec per a poder reconduir-ho i que la pel\u00b7l\u00edcula no deixe de ser la que ell sempre va somiar. Per\u00f2 el temps corre en contra seua i cada segon d&#8217;aturada li est\u00e0 costant una aut\u00e8ntica fortuna. Acompanyat de la seua aguda i infal\u00b7lible secret\u00e0ria, la Srta. Poppenghul, decideix convocar en la seua oficina a dos grans de l&#8217;\u00e8poca per a intentar resoldre la situaci\u00f3: el seu gran amic i excel\u00b7lent guionista, Ben Hetch i el talent\u00f3s, encara que de car\u00e0cter impossible director, Victor Fleming.<\/p>\n\n\n\n<p>El diumenge 21 de maig a les 19h TEADA ens porta \u201cDins d&#8217;una hora\u201d, de Juan Luis Mira Candel. Amb Ana Arrarte, Natalia Bravo, Paco Peraile i Vicent Bonmat\u00ed en l&#8217;elenc. Funci\u00f3 commemorativa del bombardeig del Mercat Central.<\/p>\n\n\n\n<p>Alacant, 25 de maig de 1938. Un rellotge marca les 10,15 hores. Falta una mica m\u00e9s d&#8217;una hora perqu\u00e8 es produ\u00efsca el bombardeig feixista que, prenent com a objectiu el Mercat Central, causar\u00e0 m\u00e9s de 300 morts entre la poblaci\u00f3 civil. L&#8217;espectador es troba cara a cara amb uns personatges que estan recorrent -sense saber-ho ells, nosaltres s\u00ed- els \u00faltims instants de les seues vides. Entrecreuen les seues hist\u00f2ries quotidianes de gent senzilla, carregades de somnis que les bombes retallaran salvatgement.<\/p>\n\n\n\n<p>Finalitzem la programaci\u00f3 de maig amb el musical \u201cCantant sota la pluja\u201d el dijous 25 a les 20,30h, el divendres 26 i dissabte 27 a les 18h i 22 h i el diumenge 28 a les 17,30h i 21 h. La companyia Nostromo Live ens porta aquest musical que compta amb la direcci\u00f3 d&#8217;\u00c0ngel Ll\u00e0cer.<\/p>\n\n\n\n<p>Cantant sota la pluja \u00e9s conegut com un dels millors films musicals de tots els temps. Una hist\u00f2ria d&#8217;amor ambientada en la irrupci\u00f3 del cinema sonor a Hollywood, que mostra tota l&#8217;eleg\u00e0ncia formal i est\u00e8tica caracter\u00edstica dels anys 20. Una com\u00e8dia musical plena de picades d&#8217;ullet cin\u00e8fils, humor i sensibilitat, acompanyada d&#8217;espectaculars n\u00fameros de ball.<\/p>\n\n\n\n<p>I el mes de juny, molt d&#8217;humor en el Principal. El divendres 2 a les 20,30h Ignatius torna amb el seu xou \u201cLa com\u00e8dia va salvar la meua vida\u201d.&nbsp;<\/p>\n\n\n\n<p>Ignatius Farray, comptar\u00e0 de cor les seues viv\u00e8ncies i opinions amb la fe que el riure, tard o d&#8217;hora, arribar\u00e0. Amb m\u00e9s de 12 anys fent Estand-up Comedy, continua pensant que aqueix \u00e9s l&#8217;estil m\u00e9s genu\u00ed i vertader de fer com\u00e8dia, precisament per la implicaci\u00f3 personal que se suposa que cal tindre amb les coses que es diuen o es compten a dalt de l&#8217;escenari.<\/p>\n\n\n\n<p>El divendres 9 a les 20,30h Luis Zahera ens presenta el seu xou \u201cChungo\u201d. Luis Zahera reconegut i guardonat actor gallec repassa la seua carrera amb en el mon\u00f2leg \u201cChungo\u201d. Una ocasi\u00f3 per a gaudir de la seua faceta m\u00e9s c\u00f2mica, on descobrirem a un humorista replet de \u00abhist\u00f2ries i hist\u00e8ries\u00bb, totes elles en clau d&#8217;humor de la seua traject\u00f2ria professional amb innombrables an\u00e8cdotes tant de la seua vida professional com personal.<\/p>\n\n\n\n<p>Les entrades per a tots els espectacles estan a la venda a partir de hui, dia 13 de gener a trav\u00e9s dels canals de venda habituals:<\/p>\n\n\n\n<p>En la taquilla de 12 a 14 h i de 17 a 21 h, els dilluns la taquilla romandr\u00e0 tancada.<\/p>\n\n\n\n<p>Per tel\u00e8fon 965 202 380<\/p>\n\n\n\n<p>En la nostra web:&nbsp; http:\/\/www.teatroprincipaldealicante.com\/<\/p>\n\n\n\n<p>Aquesta programaci\u00f3 complementa a l&#8217;avan\u00e7 que es va anunciar el mes de novembre passat i que a continuaci\u00f3 resumim:<\/p>\n\n\n\n<p>Al febrer, el divendres 3 a les 20,30h \u201cEl somni de la ra\u00f3\u201d, d&#8217;Antonio Buero Vallejo; el diumenge 5 a les 18h \u201cMale\u00efdes Plomes\u201d, de Sol Pic\u00f3; el dijous 9 a les 20,30h, el divendres 10 a les 18h, el dissabte 11 a les 21,30h, el diumenge 12 a les 18h, el dimecres 15 i el dijous 16 a les 20,30h, el divendres 17 a les 21,30h i el dissabte 18 i el diumenge 19 a les 18h \u201dGHOST, el Musical\u201d, de Bruce Joel Rubin; el dia 23 a les 20,30h L&#8217;Escamarl\u00e0 amb el seu gira &#8220;20 anys de Ll\u00e0grimes Negres&#8221; i el diumenge 26 a les 18h \u201cDelicades\u201d, d&#8217;Alfredo Sanzol.<\/p>\n\n\n\n<p>Al mar\u00e7, el dia 2 a les 20,30h l&#8217;espectacle de dansa \u201cFordlandia\u200b\u201d amb Luc\u00eda Lacarra; del dia 3 al 5 l&#8217;II Festival de M\u00e0gia d&#8217;Alacant amb les actuacions: \u201cHi ha un mag en tu\u201d, de Miguel de Lucas,&nbsp; \u201cM\u00e0gia \u2026 i M\u00e9s enll\u00e0\u201d, de Luis Boyano i per a finalitzar la \u201cGala de m\u00e0gia\u201d presentada per Toni Bright; el dijous 9 a les 20,30h l&#8217;\u00f2pera \u201cTurandot\u201d, de Puccini; el divendres 10 a les 20,30h \u201cTRIANA, UNA NIT D&#8217;AMOR DESESPERADA\u201d; el dissabte 11 a les 20h i el diumenge 12 a les 18h \u201cLadies Football Club\u201d, de Stefano Massini; el dijous 16 a les 20,30h \u00c1ngel Mart\u00edn amb el seu nou xou \u201cPunt per als bojos\u201d; el divendres 17 a les 20,30h i el dissabte 18 a les 20h \u201cHISTORY OF ROCK 2\u201d; el diumenge 18 a les 12h \u201cCol\u00f2mbia, El meu Encant, El musical\u201d, de Peter Berger; el dimecres 22 a les 20,30h \u201cEl barber de Sevilla\u201d; el dijous 23 de mar\u00e7 a les 20,30h l&#8217;homenatge a Michael Jackson \u201cI Want O Back\u201d; el divendres 24 a les 20,30h i el dissabte 25 a les 20h \u201cAmistat\u201d, de Juan Mayorga; el diumenge 26 a les 18h la com\u00e8dia negra \u201cJERUSALEM\u201d, de Jez Butterworth; el dimecres 29 a les 20,30h \u201cAN EVENING WITH THE BLUES\u201d amb E.C. SCOTT AND KEITH DUNN BLUES BAND i el divendres 31 a les 19,30h el \u201cIV Festival \u00c0nima Mediterr\u00e0nia\u201d amb ALBALADRE I LA PARRANDA EL PORTELL DE CASTALLA.<\/p>\n\n\n\n<p>A l&#8217;abril, l&#8217;1 a les 20h l&#8217;obra \u201cRetorn a la llar\u201d, d&#8217;Harold Pinter.<\/p>\n\n\n\n<p>A m\u00e9s de les 8 propostes en els mesos de febrer i mar\u00e7 per als m\u00e9s xicotets en angl\u00e9s els dissabtes al mat\u00ed en l&#8217;hall del Teatre, Kids &amp; Stories. Tamb\u00e9 acollirem nou concerts de prestigiosos solistes i formacions programats per la Societat de Concerts d&#8217;Alacant.<\/p>\n","protected":false},"excerpt":{"rendered":"<p>La temporada de primavera ens revela una programaci\u00f3 que inclou teatre, m\u00fasica, dansa, espectacles per a gaudir en fam\u00edlia i m\u00e9s sorpreses. &nbsp; El Teatre Principal d&#8217;Alacant va presentar el mes de novembre passat l&#8217;avan\u00e7 de la programaci\u00f3 d&#8217;aquesta primavera. Aquest mat\u00ed a les 11,30h el regidor de Cultura Antonio Manresa, Ana Ponsoda, directora Regional [&hellip;]<\/p>\n","protected":false},"author":4,"featured_media":6871,"comment_status":"open","ping_status":"open","sticky":false,"template":"","format":"standard","meta":{"footnotes":""},"categories":[112],"tags":[],"class_list":["post-6874","post","type-post","status-publish","format-standard","has-post-thumbnail","hentry","category-nova-progrmacio"],"_links":{"self":[{"href":"https:\/\/www.teatroprincipaldealicante.com\/val\/wp-json\/wp\/v2\/posts\/6874","targetHints":{"allow":["GET"]}}],"collection":[{"href":"https:\/\/www.teatroprincipaldealicante.com\/val\/wp-json\/wp\/v2\/posts"}],"about":[{"href":"https:\/\/www.teatroprincipaldealicante.com\/val\/wp-json\/wp\/v2\/types\/post"}],"author":[{"embeddable":true,"href":"https:\/\/www.teatroprincipaldealicante.com\/val\/wp-json\/wp\/v2\/users\/4"}],"replies":[{"embeddable":true,"href":"https:\/\/www.teatroprincipaldealicante.com\/val\/wp-json\/wp\/v2\/comments?post=6874"}],"version-history":[{"count":1,"href":"https:\/\/www.teatroprincipaldealicante.com\/val\/wp-json\/wp\/v2\/posts\/6874\/revisions"}],"predecessor-version":[{"id":6878,"href":"https:\/\/www.teatroprincipaldealicante.com\/val\/wp-json\/wp\/v2\/posts\/6874\/revisions\/6878"}],"wp:featuredmedia":[{"embeddable":true,"href":"https:\/\/www.teatroprincipaldealicante.com\/val\/wp-json\/wp\/v2\/media\/6871"}],"wp:attachment":[{"href":"https:\/\/www.teatroprincipaldealicante.com\/val\/wp-json\/wp\/v2\/media?parent=6874"}],"wp:term":[{"taxonomy":"category","embeddable":true,"href":"https:\/\/www.teatroprincipaldealicante.com\/val\/wp-json\/wp\/v2\/categories?post=6874"},{"taxonomy":"post_tag","embeddable":true,"href":"https:\/\/www.teatroprincipaldealicante.com\/val\/wp-json\/wp\/v2\/tags?post=6874"}],"curies":[{"name":"wp","href":"https:\/\/api.w.org\/{rel}","templated":true}]}}