{"id":6893,"date":"2023-01-20T12:38:05","date_gmt":"2023-01-20T11:38:05","guid":{"rendered":"https:\/\/www.teatroprincipaldealicante.com\/gala-homenaje-jose-espadero-80-cumpleanos\/"},"modified":"2023-01-20T12:42:37","modified_gmt":"2023-01-20T11:42:37","slug":"gala-homenaje-jose-espadero-80-cumpleanos","status":"publish","type":"post","link":"https:\/\/www.teatroprincipaldealicante.com\/val\/gala-homenaje-jose-espadero-80-cumpleanos\/","title":{"rendered":"Gal\u00b7la Homenatge Jos\u00e9 Espadero (80 Aniversari)"},"content":{"rendered":"\n<p>El Teatre Principal d&#8217;Alacant va acollir el passat 16 de gener, a partir de les 20 hores, la Gal\u00b7la-homenatge al ballar\u00ed Jos\u00e9 Espadero coincidint amb el seu 80 aniversari. L&#8217;acte es va centrar en les actuacions de coreografies del propi Espadero amb la col\u00b7laboraci\u00f3 del Conservatori professional de Dansa que porta el seu nom i el Conservatori superior de Dansa d&#8217;Alacant, format pels ballarins ex components de la seua companyia que han comptat amb Cristina Alberola com a directora art\u00edstica de la gala.<\/p>\n\n\n\n<p>A m\u00e9s, en la Gala tamb\u00e9 es va projectar part del documental que han dirigit Vicente Seva i Manuel S\u00e1nchez titulat \u201cJos\u00e9 Espadero, dansa i art\u201d.<\/p>\n\n\n\n<figure class=\"wp-block-image size-large\"><img fetchpriority=\"high\" decoding=\"async\" width=\"1024\" height=\"682\" src=\"https:\/\/www.teatroprincipaldealicante.com\/wp-content\/uploads\/2023\/01\/WhatsApp-Image-2023-01-20-at-11.57.01-1024x682.jpeg\" alt=\"\" class=\"wp-image-6885\" srcset=\"https:\/\/www.teatroprincipaldealicante.com\/wp-content\/uploads\/2023\/01\/WhatsApp-Image-2023-01-20-at-11.57.01-1024x682.jpeg 1024w, https:\/\/www.teatroprincipaldealicante.com\/wp-content\/uploads\/2023\/01\/WhatsApp-Image-2023-01-20-at-11.57.01-300x200.jpeg 300w, https:\/\/www.teatroprincipaldealicante.com\/wp-content\/uploads\/2023\/01\/WhatsApp-Image-2023-01-20-at-11.57.01-768x512.jpeg 768w, https:\/\/www.teatroprincipaldealicante.com\/wp-content\/uploads\/2023\/01\/WhatsApp-Image-2023-01-20-at-11.57.01-1536x1023.jpeg 1536w, https:\/\/www.teatroprincipaldealicante.com\/wp-content\/uploads\/2023\/01\/WhatsApp-Image-2023-01-20-at-11.57.01.jpeg 1600w\" sizes=\"(max-width: 1024px) 100vw, 1024px\" \/><\/figure>\n\n\n\n<p>El dimecres 11 de gener va tindre lloc la presentaci\u00f3 del programa d&#8217;actes. A la roda de premsa van acudir el regidor de Cultura, Antonio Manresa, el ballar\u00ed Jos\u00e9 Espadero, l&#8217;edil d&#8217;Ocupaci\u00f3 i Foment, Mari Carmen d&#8217;Espanya i la subdirectora del Teatre Principal, Mar\u00eda Dolores Padilla.<\/p>\n\n\n\n<p>Manresa ha glossat la figura de Espadero recordant que \u201ccal destacar dos aspectes, d&#8217;una banda, la precocitat d&#8217;alg\u00fa que ja ballava amb quatre anys i el seu amor a la professi\u00f3 que li ha vist progressar des dels seus inicis fins a la seua retirada\u201d. El responsable de Cultura ha incidit en qu\u00e8 \u201c\u00e9s sorprenent que, no sols la gent de la dansa haja volgut participar, sin\u00f3 que tota la societat alacantina s&#8217;haja oferit\u201d.<\/p>\n\n\n\n<p>\u2013 Documental: El documental, que han dirigit Vicente Seva i Manuel S\u00e1nchez, mostra unes pinzellades de la vida de Jos\u00e9 Espadero que inclouen els seus inicis com a ballador, la seua doc\u00e8ncia, les seues companyies de dansa, les seues principals obres coreogr\u00e0fiques, els seus homenatges i premis rebut comptat per personalitats de reconegut prestigi.<\/p>\n\n\n\n<p>\u2013 Biografia: Jos\u00e9 Espadero, el nom real del qual \u00e9s Jos\u00e9 S\u00e1nchez Garc\u00eda naix a Alacant el 15 de gener de 1943, al carrer Baz\u00e1n. Des de molt curta edat la seua afici\u00f3 a la dansa i a la m\u00fasica li fa destacar entre altres xiquets, i amb tan sols tres anys ho pugen a l&#8217;escenari del Teatre Orfe\u00f3 d&#8217;Alacant i des de llavors continua actuant cada cap de setmana en aquest Teatre. Amb tan sols cinc anys actua en la Pla\u00e7a de Bous d&#8217;Alacant amb la Banda M\u00fasic Taurina \u201cEls Clavells\u201d que dirigeix el Mestre Antonio Flores i des de llavors actua amb aquest espectacle per tota Espanya i l&#8217;estranger. Als catorze anys es fa professional i marxa amb la seua parella contractats per Juanito Valderrama i Antonio Mach\u00edn. Des de llavors no deixa d&#8217;actuar amb diferents espectacles de l&#8217;\u00e8poca i al mateix temps pot estudiar Dansa Espanyola. En 1.981, obt\u00e9 per oposici\u00f3, a Madrid, la C\u00e0tedra de Ball Cl\u00e0ssic Espanyol del Conservatori Superior de Dansa d&#8217;Alacant, la qual continua exercint fins a l&#8217;any 2003.<\/p>\n\n\n\n<p>\u2013 Companyies de Dansa: Forma el \u201cBallet Jos\u00e9 Espadero\u201d l&#8217;any 1965 i en 1974 forma el \u201cBallet Estudi Jos\u00e9 Espadero\u201d, actuant per tota Espanya i l&#8217;estranger, presentant les seues coreografies, perqu\u00e8 des de l&#8217;inici del seu Ballet sempre balla amb coreografies pr\u00f2pies. En 1.980 \u00e9s nomenat delegat Art\u00edstic de la Comissi\u00f3 Gestora de les Fogueres de Sant Joan, c\u00e0rrec que exerceix fins a 1.984, muntant i dirigint els espectacles de l&#8217;elecci\u00f3 de la Bellea del Foc. En 1.981 introdueix dins de la festa l&#8217;acte de Proclamaci\u00f3 de la Bellea del Foc i les seues Dames d&#8217;Honor per a homenatjar amb major emotivitat a la m\u00e0xima representaci\u00f3 de la Festa. Des de l&#8217;any 1.986 fins a 1.994, \u00e9s director del Conservatori Superior de Dansa d&#8217;Alacant. L&#8217;any 1.990, se li concedeix el Premi Especial Nacional i Internacional de la Fundaci\u00f3 Euroamericana de Dansa i Federaci\u00f3 Espanyola de professionals de Dansa, a la millor labor pedag\u00f2gica en la Dansa Espanyola.<\/p>\n","protected":false},"excerpt":{"rendered":"<p>El Teatre Principal d&#8217;Alacant va acollir el passat 16 de gener, a partir de les 20 hores, la Gal\u00b7la-homenatge al ballar\u00ed Jos\u00e9 Espadero coincidint amb el seu 80 aniversari. L&#8217;acte es va centrar en les actuacions de coreografies del propi Espadero amb la col\u00b7laboraci\u00f3 del Conservatori professional de Dansa que porta el seu nom i [&hellip;]<\/p>\n","protected":false},"author":2,"featured_media":6890,"comment_status":"open","ping_status":"open","sticky":false,"template":"","format":"standard","meta":{"footnotes":""},"categories":[167],"tags":[],"class_list":["post-6893","post","type-post","status-publish","format-standard","has-post-thumbnail","hentry","category-gal-la"],"_links":{"self":[{"href":"https:\/\/www.teatroprincipaldealicante.com\/val\/wp-json\/wp\/v2\/posts\/6893","targetHints":{"allow":["GET"]}}],"collection":[{"href":"https:\/\/www.teatroprincipaldealicante.com\/val\/wp-json\/wp\/v2\/posts"}],"about":[{"href":"https:\/\/www.teatroprincipaldealicante.com\/val\/wp-json\/wp\/v2\/types\/post"}],"author":[{"embeddable":true,"href":"https:\/\/www.teatroprincipaldealicante.com\/val\/wp-json\/wp\/v2\/users\/2"}],"replies":[{"embeddable":true,"href":"https:\/\/www.teatroprincipaldealicante.com\/val\/wp-json\/wp\/v2\/comments?post=6893"}],"version-history":[{"count":1,"href":"https:\/\/www.teatroprincipaldealicante.com\/val\/wp-json\/wp\/v2\/posts\/6893\/revisions"}],"predecessor-version":[{"id":6897,"href":"https:\/\/www.teatroprincipaldealicante.com\/val\/wp-json\/wp\/v2\/posts\/6893\/revisions\/6897"}],"wp:featuredmedia":[{"embeddable":true,"href":"https:\/\/www.teatroprincipaldealicante.com\/val\/wp-json\/wp\/v2\/media\/6890"}],"wp:attachment":[{"href":"https:\/\/www.teatroprincipaldealicante.com\/val\/wp-json\/wp\/v2\/media?parent=6893"}],"wp:term":[{"taxonomy":"category","embeddable":true,"href":"https:\/\/www.teatroprincipaldealicante.com\/val\/wp-json\/wp\/v2\/categories?post=6893"},{"taxonomy":"post_tag","embeddable":true,"href":"https:\/\/www.teatroprincipaldealicante.com\/val\/wp-json\/wp\/v2\/tags?post=6893"}],"curies":[{"name":"wp","href":"https:\/\/api.w.org\/{rel}","templated":true}]}}